[{"FECHA":"2023-10-23","TITULO":"Una propuesta de transici\u00f3n hacia modelos de negocio circulares","TIPO":"otros","ENTRADILLA":"Investigadores de la Universidad Polit\u00e9cnica de Madrid proponen un marco conceptual para mejorar la toma de decisiones hacia una mejor adopci\u00f3n de modelos de econom\u00eda circular. ","IMAGEN":"http:\/\/www.upm.es\/sfs\/Rectorado\/Gabinete del Rector\/Notas de Prensa\/2023\/10\/imagenes\/circularidad_portada.jpg","URL":"https:\/\/www.upm.es\/UPM\/SalaPrensa\/NoticiasPortada\/Contenido?fmt=detail&prefmt=articulo&id=aa19596b6fb4b810VgnVCM10000009c7648a____","COORDENADAS":""},{"FECHA":"2023-09-11","TITULO":"Las ni\u00f1as espa\u00f1olas, menos activas que los ni\u00f1os pero con mejores h\u00e1bitos nutricionales","TIPO":"otros","ENTRADILLA":"Los adolescentes espa\u00f1oles muestran una mayor adherencia a la dieta mediterr\u00e1nea que los j\u00f3venes alemanes, si bien se tiende hacia una dieta cada vez m\u00e1s occidentalizada, seg\u00fan un estudio en el que participan investigadores de la Universidad Polit\u00e9cnica de Madrid.","IMAGEN":"http:\/\/www.upm.es\/sfs\/Rectorado\/Gabinete del Rector\/Notas de Prensa\/2023\/09\/imagenes\/Ni\u00f1os sentados por parejas en polideportivo - copia.jpg","URL":"https:\/\/www.upm.es\/UPM\/SalaPrensa\/NoticiasPortada\/Contenido?fmt=detail&prefmt=articulo&id=b7f0e27dc3f6a810VgnVCM10000009c7648a____","COORDENADAS":""},{"FECHA":"2023-07-26","TITULO":"La UPM, primera universidad espa\u00f1ola en solicitud de patentes","TIPO":"otros","ENTRADILLA":"Con un total de 33 patentes presentadas durante el ejercicio del 2022, la Universidad Polit\u00e9cnica de Madrid se sit\u00faa una vez m\u00e1s a la cabeza entre todas las universidades espa\u00f1olas en cuanto a solicitud de patentes nacionales.","IMAGEN":"http:\/\/www.upm.es\/sfs\/Rectorado\/Gabinete del Rector\/Notas de Prensa\/2023\/07\/imagenes\/patentes23.jpg","URL":"https:\/\/www.upm.es\/UPM\/SalaPrensa\/NoticiasPortada\/Contenido?fmt=detail&prefmt=articulo&id=c043f04e5e099810VgnVCM10000009c7648a____","COORDENADAS":""},{"FECHA":"2023-06-28","TITULO":"La UPM, entre las mejores universidades del mundo","TIPO":"otros","ENTRADILLA":"En la \u00faltima edici\u00f3n del QS World University Rankings, la UPM asciende m\u00e1s de 130 posiciones para situarse entre las mejores instituciones de educaci\u00f3n superior a nivel mundial y primera polit\u00e9cnica espa\u00f1ola. La Polit\u00e9cnica de Madrid destaca especialmente por sus resultados de empleo y sostenibilidad, criterios incluidos este a\u00f1o por primera vez en la clasificaci\u00f3n.","IMAGEN":"http:\/\/www.upm.es\/sfs\/Rectorado\/Gabinete del Rector\/Notas de Prensa\/2023\/06\/imagenes\/Ranking QS 2023_portada.jpg","URL":"https:\/\/www.upm.es\/UPM\/SalaPrensa\/NoticiasPortada\/Contenido?fmt=detail&prefmt=articulo&id=243d7d2edf009810VgnVCM10000009c7648a____","COORDENADAS":""},{"FECHA":"2023-06-22","TITULO":"\u201cEl Mundo\u201d destaca la calidad de los m\u00e1steres UPM","TIPO":"otros","ENTRADILLA":"Estudiar un m\u00e1ster en la UPM es la mejor opci\u00f3n. As\u00ed se desprende del ranking elaborado por el diario \u201cEl Mundo\u201d para el curso 2023\/24, que analiza la oferta de m\u00e1steres de las universidades espa\u00f1olas y destaca entre los mejores a los programas de posgrado que imparte la Universidad Polit\u00e9cnica de Madrid.","IMAGEN":"http:\/\/www.upm.es\/sfs\/Rectorado\/Gabinete del Rector\/Notas de Prensa\/2023\/06\/imagenes\/rankingmasteres23portada.jpg","URL":"https:\/\/www.upm.es\/UPM\/SalaPrensa\/NoticiasPortada\/Contenido?fmt=detail&prefmt=articulo&id=e593fa20b32e8810VgnVCM10000009c7648a____","COORDENADAS":""},{"FECHA":"2023-06-19","TITULO":"Entornos escolares, los impulsores de la transformaci\u00f3n urbana sostenible","TIPO":"otros","ENTRADILLA":"La acci\u00f3n clim\u00e1tica debe abordarse por m\u00faltiples actores de la sociedad a trav\u00e9s del trabajo integrado y colaborativo, y aqu\u00ed los centros escolares y los entornos en los que se sit\u00faan desempe\u00f1an un importante papel, seg\u00fan una investigaci\u00f3n de la Universidad Polit\u00e9cnica de Madrid.","IMAGEN":"http:\/\/www.upm.es\/sfs\/Rectorado\/Gabinete del Rector\/Notas de Prensa\/2023\/06\/imagenes\/Colegio_portada.jpg","URL":"https:\/\/www.upm.es\/Investigacion?fmt=detail&prefmt=articulo&id=ac966b9b6e2c8810VgnVCM10000009c7648a____","COORDENADAS":""},{"FECHA":"2023-06-16","TITULO":"El \u201ccerebro\u201d de la ciberseguridad cu\u00e1ntica en Europa es espa\u00f1ol","TIPO":"otros","ENTRADILLA":"Europa se encuentra a la vanguardia de los avances en ciberseguridad cu\u00e1ntica y recientemente demostr\u00f3 su liderazgo a trav\u00e9s de una destacada presentaci\u00f3n en vivo. El evento resalt\u00f3 las importantes contribuciones de expertos espa\u00f1oles en este campo, consolidando la posici\u00f3n de Espa\u00f1a como el \"cerebro\" de la ciberseguridad cu\u00e1ntica en Europa.\r\n","IMAGEN":"http:\/\/www.upm.es\/sfs\/Rectorado\/Gabinete del Rector\/Notas de Prensa\/2023\/06\/imagenes\/comunicacionCuantica_DEMO_portada3.jpg","URL":"https:\/\/www.upm.es\/UPM\/SalaPrensa\/NoticiasPortada\/NoticiasAppPersonalPDI?fmt=detail&prefmt=articulo&id=e0a06b9b6e2c8810VgnVCM10000009c7648a____","COORDENADAS":""},{"FECHA":"2023-06-07","TITULO":"La UPM convoca la segunda edici\u00f3n de los Premios PASCal","TIPO":"otros","ENTRADILLA":"Dirigidos al personal de administraci\u00f3n y servicios, el objetivo de estos galardones es reconocer a quienes han contribuido significativamente a la mejora de la calidad de la Universidad. El plazo de presentaci\u00f3n de candidaturas finaliza el 30 de septiembre.","IMAGEN":"http:\/\/www.upm.es\/sfs\/Rectorado\/Gabinete del Rector\/Notas de Prensa\/2023\/06\/imagenes\/PASCalconvocatoria.jpg","URL":"https:\/\/www.upm.es\/UPM\/SalaPrensa\/Noticias?fmt=detail&prefmt=articulo&id=2341195600598810VgnVCM10000009c7648a____","COORDENADAS":""},{"FECHA":"2023-06-02","TITULO":"Arranca la Escuela Internacional de Verano de la UPM\t","TIPO":"otros","ENTRADILLA":"La edici\u00f3n 2023 incluye la celebraci\u00f3n de cursos, talleres y jornadas en el Palacio Infante Don Luis de Boadilla del Monte, sede de este campus.","IMAGEN":"http:\/\/www.upm.es\/sfs\/Rectorado\/Gabinete del Rector\/Notas de Prensa\/2023\/06\/imagenes\/EIVportada.jpg","URL":"https:\/\/www.upm.es\/UPM\/SalaPrensa\/NoticiasPortada\/NoticiasAppPersonalPDI?fmt=detail&prefmt=articulo&id=777d1177aab78810VgnVCM10000009c7648a____","COORDENADAS":""},{"FECHA":"2023-05-18","TITULO":"I EELISA International Conference","TIPO":"otros","ENTRADILLA":"Con motivo del tercer aniversario de la Alianza EELISA, que coordina la Universidad Polit\u00e9cnica de Madrid, se celebrar\u00e1 la I EELISA International Conference. El evento, que tendr\u00e1 lugar del 4 a 6 de octubre de 2023 en Bucarest, est\u00e1 abierto a la participaci\u00f3n de la comunidad universitaria. Los plazos de presentaci\u00f3n de solicitudes para participar finalizan los pr\u00f3ximos 25 de mayo y 1 de junio, en funci\u00f3n de la modalidad de participaci\u00f3n.","IMAGEN":"http:\/\/www.upm.es\/sfs\/Rectorado\/Gabinete del Rector\/Notas de Prensa\/2023\/05\/imagenes\/EELISAportada.jpg","URL":"https:\/\/www.upm.es\/UPM\/SalaPrensa\/NoticiasPortada\/NoticiasAppPersonalPDI?fmt=detail&prefmt=articulo&id=6689c8f341e28810VgnVCM10000009c7648a____","COORDENADAS":""},{"FECHA":"2023-05-10","TITULO":"La UPM, la mejor universidad espa\u00f1ola seg\u00fan \u201cEl Mundo\u201d","TIPO":"otros","ENTRADILLA":"La Universidad Polit\u00e9cnica de Madrid es la universidad espa\u00f1ola con m\u00e1s titulaciones en el n\u00famero uno del ranking elaborado por este diario. Se consolida adem\u00e1s como la mejor polit\u00e9cnica espa\u00f1ola seg\u00fan esta clasificaci\u00f3n. ","IMAGEN":"http:\/\/www.upm.es\/sfs\/Rectorado\/Gabinete del Rector\/Notas de Prensa\/2023\/05\/imagenes\/Noticia Exterior - 360x225 px.jpg","URL":"https:\/\/www.upm.es\/UPM\/SalaPrensa\/Noticias?fmt=detail&prefmt=articulo&id=74fea0635f408810VgnVCM10000009c7648a____","COORDENADAS":""},{"FECHA":"2023-05-08","TITULO":"\u00bfPueden adaptarse las herb\u00e1ceas mediterr\u00e1neas al cambio clim\u00e1tico?","TIPO":"otros","ENTRADILLA":"Una investigaci\u00f3n en la que participa la Universidad Polit\u00e9cnica de Madrid intenta prever los efectos de las alteraciones del clima en los ecosistemas naturales para poder atenuarlos a trav\u00e9s de medidas de gesti\u00f3n adecuadas.","IMAGEN":"http:\/\/www.upm.es\/sfs\/Rectorado\/Gabinete del Rector\/Notas de Prensa\/2023\/05\/imagenes\/Herbaceas_portada.jpg","URL":"https:\/\/www.upm.es\/UPM\/SalaPrensa\/Noticias_de_investigacion?fmt=detail&prefmt=articulo&id=59e5661c6b7e7810VgnVCM10000009c7648a____","COORDENADAS":""},{"FECHA":"2023-04-19","TITULO":"Ganadores del primer certamen de Relato Corto de la UPM","TIPO":"otros","ENTRADILLA":"Pilar Pozo, con el relato \u201cD\u00e9jame que te cuente este cuento con final feliz\u201d, es la ganadora del certamen de Relato Corto que la Universidad Polit\u00e9cnica de Madrid ha puesto en marcha en su primera edici\u00f3n. ","IMAGEN":"http:\/\/www.upm.es\/sfs\/Rectorado\/Gabinete del Rector\/Notas de Prensa\/2023\/04\/imagenes\/Certamenrelatocortoportada.jpg","URL":"https:\/\/www.upm.es\/UPM\/SalaPrensa\/NoticiasPortada\/NoticiasAppEstudiantes?fmt=detail&prefmt=articulo&id=3974f3779b697810VgnVCM10000009c7648a____","COORDENADAS":""},{"FECHA":"2023-04-17","TITULO":"C\u00f3mo saber si un tratamiento para c\u00e1ncer de pulm\u00f3n es efectivo o no, a trav\u00e9s de un biomarcador","TIPO":"otros","ENTRADILLA":"Un estudio desarrollado por investigadores de la Universidad Polit\u00e9cnica de Madrid y del CIBER busca predecir el beneficio cl\u00ednico duradero de la inmunoterapia. Saber si un tratamiento est\u00e1 funcionando o no, a trav\u00e9s de un biomarcador, es fundamental para controlar el tiempo del tratamiento.","IMAGEN":"http:\/\/www.upm.es\/sfs\/Rectorado\/Gabinete del Rector\/Notas de Prensa\/2023\/04\/imagenes\/biomarcadorcancerportada.png","URL":"https:\/\/www.upm.es\/UPM\/SalaPrensa\/NoticiasPortada\/NoticiasAppPersonalPDI?fmt=detail&prefmt=articulo&id=3cd0dc279be87810VgnVCM10000009c7648a____","COORDENADAS":""},{"FECHA":"2023-04-12","TITULO":"Arranca el proyecto Madrid Quantum","TIPO":"otros","ENTRADILLA":"La Universidad Polit\u00e9cnica de Madrid participa en Madrid Quantum, el proyecto m\u00e1s ambicioso de comunicaciones cu\u00e1nticas de Madrid. La iniciativa construir\u00e1 la Madrid Quantum Communications Infrastructure (MadQCI), una red de ciberseguridad cu\u00e1ntica que unir\u00e1 el \u00e1rea metropolitana de Madrid y se conectar\u00e1 con la futura red europea. ","IMAGEN":"http:\/\/www.upm.es\/sfs\/Rectorado\/Gabinete del Rector\/Notas de Prensa\/2023\/04\/imagenes\/redes_portada.jpg","URL":"https:\/\/www.upm.es\/UPM\/SalaPrensa\/NoticiasPortada\/NoticiasAppPersonalPDI?fmt=detail&prefmt=articulo&id=872392728a477810VgnVCM10000009c7648a____","COORDENADAS":""},{"FECHA":"2023-04-11","TITULO":"UPMHealthTech: potenciando las tecnolog\u00edas de la salud y el bienestar","TIPO":"otros","ENTRADILLA":"En el tercer a\u00f1o desde su arranque analizamos el desarrollo de la iniciativa UPMHealthTech, comunidad de investigaci\u00f3n interdisciplinar en tecnolog\u00edas para la Salud y el Bienestar, promovida por la Universidad Polit\u00e9cnica de Madrid.\r\n","IMAGEN":"http:\/\/www.upm.es\/sfs\/Rectorado\/Gabinete del Rector\/Notas de Prensa\/2023\/04\/imagenes\/HealthTech_portada.jpg","URL":"https:\/\/www.upm.es\/UPM\/SalaPrensa\/NoticiasPortada\/NoticiasAppEstudiantes?fmt=detail&prefmt=articulo&id=521d4f2323077810VgnVCM10000009c7648a____","COORDENADAS":""},{"FECHA":"2023-04-11","TITULO":"Las nuevas tecnolog\u00edas constituyen una oportunidad para que los menores recuperen la experiencia urbana del juego en la calle","TIPO":"otros","ENTRADILLA":"Investigadores de la Universidad Polit\u00e9cnica de Madrid han desarrollado un estudio que explora la tecnolog\u00eda de la Realidad Aumentada como estrategia de reactivaci\u00f3n del espacio p\u00fablico para los menores, proporcion\u00e1ndoles una forma nueva de interactuar con su ciudad y, en consecuencia, fomentar el sentimiento de apego al lugar.","IMAGEN":"http:\/\/www.upm.es\/sfs\/Rectorado\/Gabinete del Rector\/Notas de Prensa\/2023\/03\/imagenes\/RA_portada.JPG","URL":"https:\/\/www.upm.es\/UPM\/SalaPrensa\/NoticiasPortada\/NoticiasAppPersonalPDI?fmt=detail&prefmt=articulo&id=7cb99e2225317810VgnVCM10000009c7648a____","COORDENADAS":""},{"FECHA":"2023-03-27","TITULO":"Localizaci\u00f3n no invasiva de lesiones mamarias para planificaci\u00f3n quir\u00fargica","TIPO":"otros","ENTRADILLA":"Un grupo de investigaci\u00f3n de la UPM ha participado en el desarrollo de una nueva t\u00e9cnica basada en im\u00e1genes m\u00e9dicas que permite estimar de manera no invasiva la localizaci\u00f3n de un tumor en la posici\u00f3n quir\u00fargica necesaria para una operaci\u00f3n de c\u00e1ncer de mama.","IMAGEN":"http:\/\/www.upm.es\/sfs\/Rectorado\/Gabinete del Rector\/Notas de Prensa\/2023\/03\/imagenes\/portadalesionesmamarias.jpg","URL":"https:\/\/www.upm.es\/UPM\/SalaPrensa\/NoticiasPortada\/Contenido?fmt=detail&prefmt=articulo&id=703defb62e127810VgnVCM10000009c7648a____","COORDENADAS":""},{"FECHA":"2023-03-27","TITULO":"Inaugurado el Centro de Innovaci\u00f3n de Econom\u00eda Circular de Madrid con la colaboraci\u00f3n de la UPM","TIPO":"otros","ENTRADILLA":"Dentro de este primer centro p\u00fablico-privado de econom\u00eda circular del Ayuntamiento de Madrid, la Universidad Polit\u00e9cnica de Madrid ha participado en la estructura y gesti\u00f3n de un FabLab para estimular la experimentaci\u00f3n en ecodise\u00f1o y fabricaci\u00f3n digital.","IMAGEN":"http:\/\/www.upm.es\/sfs\/Rectorado\/Gabinete del Rector\/Notas de Prensa\/2023\/03\/imagenes\/CIEC_portada.jpg","URL":"https:\/\/www.upm.es\/UPM\/SalaPrensa\/NoticiasPortada\/NoticiasAppPersonalPDI?fmt=detail&prefmt=articulo&id=9a4443b2c9227810VgnVCM10000009c7648a____","COORDENADAS":""},{"FECHA":"2023-03-27","TITULO":"ManoPla: una mano mecatr\u00f3nica para la comunicaci\u00f3n gestual","TIPO":"otros","ENTRADILLA":"Un equipo de investigadores de la Universidad Polit\u00e9cnica de Madrid ha desarrollado nuevos conceptos de dise\u00f1o para integrar la mec\u00e1nica y la electr\u00f3nica dentro de la mano de un robot humanoide, que permite una comunicaci\u00f3n m\u00e1s amigable con los humanos y favorece su interacci\u00f3n social.","IMAGEN":"http:\/\/www.upm.es\/sfs\/Rectorado\/Gabinete del Rector\/Notas de Prensa\/2023\/03\/imagenes\/foto_portada.jpg","URL":"https:\/\/www.upm.es\/UPM\/SalaPrensa\/NoticiasPortada\/NoticiasAppPersonalPDI?fmt=detail&prefmt=articulo&id=da7ddcda6a317810VgnVCM10000009c7648a____","COORDENADAS":""}]