{"id":4425,"count":0,"description":"","link":"https:\/\/www.upm.es\/recursosidi\/catedra\/catedra-repsol-sobre-transicion-energetica-en-la-escuela-tecnica-superior-de-ingenieros-industriales\/","name":"C\u00c1TEDRA REPSOL SOBRE TRANSICI\u00d3N ENERG\u00c9TICA EN LA ESCUELA T\u00c9CNICA SUPERIOR DE INGENIEROS INDUSTRIALES","slug":"catedra-repsol-sobre-transicion-energetica-en-la-escuela-tecnica-superior-de-ingenieros-industriales","taxonomy":"catedra","parent":0,"meta":[],"responsable":"OSCAR GARCIA SUAREZ","fecha_inicio":"2020-09-15","fecha_fin":"2023-09-15","acronimo":"REPSOL","ambito":"","programa":"","fase":"","ods":false,"areas":false,"web":"","imagenes":"","ficheros":"","comision_colaboradores":"","entidades_colaboradoras":"","actividades_relacionadas":"","noticias_destacadas":"","id_ficha_portal":[],"areas_investigacion":"","directores":"","comision_upm":"","acf":[],"_links":{"self":[{"href":"https:\/\/www.upm.es\/recursosidi\/wp-json\/wp\/v2\/catedra\/4425"}],"collection":[{"href":"https:\/\/www.upm.es\/recursosidi\/wp-json\/wp\/v2\/catedra"}],"about":[{"href":"https:\/\/www.upm.es\/recursosidi\/wp-json\/wp\/v2\/taxonomies\/catedra"}],"wp:post_type":[{"href":"https:\/\/www.upm.es\/recursosidi\/wp-json\/wp\/v2\/convocatoria?catedra=4425"}],"curies":[{"name":"wp","href":"https:\/\/api.w.org\/{rel}","templated":true}]}}